{"id":3034,"date":"2024-03-14T20:17:41","date_gmt":"2024-03-15T00:17:41","guid":{"rendered":"https:\/\/gadbellavista.gob.ec\/manabi\/?p=3034"},"modified":"2024-03-14T20:17:41","modified_gmt":"2024-03-15T00:17:41","slug":"reunion-con-la-prefectura-de-manabi-coordinacion-de-trabajos","status":"publish","type":"post","link":"https:\/\/gadbellavista.gob.ec\/manabi\/reunion-con-la-prefectura-de-manabi-coordinacion-de-trabajos\/","title":{"rendered":"Reuni\u00f3n con la prefectura de Manab\u00ed coordinaci\u00f3n de trabajos"},"content":{"rendered":"\n\t\t<style type=\"text\/css\">\n\t\t\t#gallery-1 {\n\t\t\t\tmargin: auto;\n\t\t\t}\n\t\t\t#gallery-1 .gallery-item {\n\t\t\t\tfloat: left;\n\t\t\t\tmargin-top: 10px;\n\t\t\t\ttext-align: center;\n\t\t\t\twidth: 33%;\n\t\t\t}\n\t\t\t#gallery-1 img {\n\t\t\t\tborder: 2px solid #cfcfcf;\n\t\t\t}\n\t\t\t#gallery-1 .gallery-caption {\n\t\t\t\tmargin-left: 0;\n\t\t\t}\n\t\t\t\/* see gallery_shortcode() in wp-includes\/media.php *\/\n\t\t<\/style>\n\t\t<div data-carousel-extra='{\"blog_id\":1,\"permalink\":\"https:\\\/\\\/gadbellavista.gob.ec\\\/manabi\\\/reunion-con-la-prefectura-de-manabi-coordinacion-de-trabajos\\\/\"}' id='gallery-1' class='gallery galleryid-3034 gallery-columns-3 gallery-size-thumbnail'><dl class='gallery-item'>\n\t\t\t<dt class='gallery-icon landscape'>\n\t\t\t\t<a href='https:\/\/gadbellavista.gob.ec\/manabi\/reunion-con-la-prefectura-de-manabi-coordinacion-de-trabajos\/whatsapp-image-2024-03-14-at-19-06-10\/#main'><img loading=\"lazy\" decoding=\"async\" data-attachment-id=\"3035\" data-orig-file=\"https:\/\/gadbellavista.gob.ec\/manabi\/wp-content\/uploads\/2024\/03\/WhatsApp-Image-2024-03-14-at-19.06.10.jpeg\" data-orig-size=\"1280,960\" data-comments-opened=\"0\" data-image-meta=\"{&quot;aperture&quot;:&quot;0&quot;,&quot;credit&quot;:&quot;&quot;,&quot;camera&quot;:&quot;&quot;,&quot;caption&quot;:&quot;&quot;,&quot;created_timestamp&quot;:&quot;0&quot;,&quot;copyright&quot;:&quot;&quot;,&quot;focal_length&quot;:&quot;0&quot;,&quot;iso&quot;:&quot;0&quot;,&quot;shutter_speed&quot;:&quot;0&quot;,&quot;title&quot;:&quot;&quot;,&quot;orientation&quot;:&quot;0&quot;,&quot;keywords&quot;:&quot;Array&quot;}\" data-image-title=\"WhatsApp Image 2024-03-14 at 19.06.10\" data-image-description=\"\" data-medium-file=\"https:\/\/gadbellavista.gob.ec\/manabi\/wp-content\/uploads\/2024\/03\/WhatsApp-Image-2024-03-14-at-19.06.10-550x413.jpeg\" data-large-file=\"https:\/\/gadbellavista.gob.ec\/manabi\/wp-content\/uploads\/2024\/03\/WhatsApp-Image-2024-03-14-at-19.06.10-1024x768.jpeg\" width=\"150\" height=\"150\" src=\"https:\/\/gadbellavista.gob.ec\/manabi\/wp-content\/uploads\/2024\/03\/WhatsApp-Image-2024-03-14-at-19.06.10-150x150.jpeg\" class=\"attachment-thumbnail size-thumbnail\" alt=\"\" \/><\/a>\n\t\t\t<\/dt><\/dl><dl class='gallery-item'>\n\t\t\t<dt class='gallery-icon landscape'>\n\t\t\t\t<a href='https:\/\/gadbellavista.gob.ec\/manabi\/reunion-con-la-prefectura-de-manabi-coordinacion-de-trabajos\/whatsapp-image-2024-03-14-at-19-06-10-1\/#main'><img loading=\"lazy\" decoding=\"async\" data-attachment-id=\"3036\" data-orig-file=\"https:\/\/gadbellavista.gob.ec\/manabi\/wp-content\/uploads\/2024\/03\/WhatsApp-Image-2024-03-14-at-19.06.10-1.jpeg\" data-orig-size=\"1280,960\" data-comments-opened=\"0\" data-image-meta=\"{&quot;aperture&quot;:&quot;0&quot;,&quot;credit&quot;:&quot;&quot;,&quot;camera&quot;:&quot;&quot;,&quot;caption&quot;:&quot;&quot;,&quot;created_timestamp&quot;:&quot;0&quot;,&quot;copyright&quot;:&quot;&quot;,&quot;focal_length&quot;:&quot;0&quot;,&quot;iso&quot;:&quot;0&quot;,&quot;shutter_speed&quot;:&quot;0&quot;,&quot;title&quot;:&quot;&quot;,&quot;orientation&quot;:&quot;0&quot;,&quot;keywords&quot;:&quot;Array&quot;}\" data-image-title=\"WhatsApp Image 2024-03-14 at 19.06.10 (1)\" data-image-description=\"\" data-medium-file=\"https:\/\/gadbellavista.gob.ec\/manabi\/wp-content\/uploads\/2024\/03\/WhatsApp-Image-2024-03-14-at-19.06.10-1-550x413.jpeg\" data-large-file=\"https:\/\/gadbellavista.gob.ec\/manabi\/wp-content\/uploads\/2024\/03\/WhatsApp-Image-2024-03-14-at-19.06.10-1-1024x768.jpeg\" width=\"150\" height=\"150\" src=\"https:\/\/gadbellavista.gob.ec\/manabi\/wp-content\/uploads\/2024\/03\/WhatsApp-Image-2024-03-14-at-19.06.10-1-150x150.jpeg\" class=\"attachment-thumbnail size-thumbnail\" alt=\"\" \/><\/a>\n\t\t\t<\/dt><\/dl>\n\t\t\t<br style='clear: both' \/>\n\t\t<\/div>\n\n","protected":false},"excerpt":{"rendered":"#gallery-2 { margin: auto; } #gallery-2 .gallery-item { float: left; margin-top: 10px; text-align: center; width: 33%; } #gallery-2 img { border: 2px solid #cfcfcf; } #gallery-2 .gallery-caption { margin-left: 0; } \/* see gallery_shortcode() in wp-includes\/media.php *\/","protected":false},"author":8,"featured_media":3036,"comment_status":"closed","ping_status":"closed","sticky":false,"template":"","format":"standard","meta":{"footnotes":""},"categories":[1],"tags":[],"yst_prominent_words":[],"class_list":{"0":"post-3034","1":"post","2":"type-post","3":"status-publish","4":"format-standard","5":"has-post-thumbnail","6":"hentry","7":"category-sin-categoria","9":"post-with-thumbnail","10":"post-with-thumbnail-large"},"_links":{"self":[{"href":"https:\/\/gadbellavista.gob.ec\/manabi\/wp-json\/wp\/v2\/posts\/3034","targetHints":{"allow":["GET"]}}],"collection":[{"href":"https:\/\/gadbellavista.gob.ec\/manabi\/wp-json\/wp\/v2\/posts"}],"about":[{"href":"https:\/\/gadbellavista.gob.ec\/manabi\/wp-json\/wp\/v2\/types\/post"}],"author":[{"embeddable":true,"href":"https:\/\/gadbellavista.gob.ec\/manabi\/wp-json\/wp\/v2\/users\/8"}],"replies":[{"embeddable":true,"href":"https:\/\/gadbellavista.gob.ec\/manabi\/wp-json\/wp\/v2\/comments?post=3034"}],"version-history":[{"count":1,"href":"https:\/\/gadbellavista.gob.ec\/manabi\/wp-json\/wp\/v2\/posts\/3034\/revisions"}],"predecessor-version":[{"id":3037,"href":"https:\/\/gadbellavista.gob.ec\/manabi\/wp-json\/wp\/v2\/posts\/3034\/revisions\/3037"}],"wp:featuredmedia":[{"embeddable":true,"href":"https:\/\/gadbellavista.gob.ec\/manabi\/wp-json\/wp\/v2\/media\/3036"}],"wp:attachment":[{"href":"https:\/\/gadbellavista.gob.ec\/manabi\/wp-json\/wp\/v2\/media?parent=3034"}],"wp:term":[{"taxonomy":"category","embeddable":true,"href":"https:\/\/gadbellavista.gob.ec\/manabi\/wp-json\/wp\/v2\/categories?post=3034"},{"taxonomy":"post_tag","embeddable":true,"href":"https:\/\/gadbellavista.gob.ec\/manabi\/wp-json\/wp\/v2\/tags?post=3034"},{"taxonomy":"yst_prominent_words","embeddable":true,"href":"https:\/\/gadbellavista.gob.ec\/manabi\/wp-json\/wp\/v2\/yst_prominent_words?post=3034"}],"curies":[{"name":"wp","href":"https:\/\/api.w.org\/{rel}","templated":true}]}}